{"id":511,"date":"2026-01-12T11:50:18","date_gmt":"2026-01-12T08:50:18","guid":{"rendered":"https:\/\/nakliyatcilar.net\/blog\/okul-cocuklari-icin-en-uygun-tasinma-zamanlari\/"},"modified":"2026-01-12T11:50:54","modified_gmt":"2026-01-12T08:50:54","slug":"okul-cocuklari-icin-en-uygun-tasinma-zamanlari","status":"publish","type":"post","link":"https:\/\/nakliyatcilar.net\/blog\/okul-cocuklari-icin-en-uygun-tasinma-zamanlari\/","title":{"rendered":"Okul \u00c7ocuklar\u0131 \u0130\u00e7in En Uygun Ta\u015f\u0131nma Zamanlar\u0131"},"content":{"rendered":"<p>Ah, the great school-year shuffle. I\u2019ve seen families pull off last-minute moves that\u2019d make a general blush, and I\u2019ve watched others agonize over timing until the whole thing collapses under its own stress. Here\u2019s the truth: <em>Okul \u00c7a\u011f\u0131 \u00c7ocuklu Ailelerin Ta\u015f\u0131nma Zamanlamas\u0131<\/em> isn\u2019t just about packing boxes\u2014it\u2019s about minimizing chaos, maximizing stability, and keeping your kid\u2019s education on track. You\u2019d think after 25 years of watching this circus, I\u2019d have all the answers, but every family\u2019s got their own curveballs. Some swear by summer moves, others insist on winter transitions, and then there\u2019s the rare breed that pulls it off mid-semester. Spoiler: They\u2019re usually the ones who\u2019ve done their homework.<\/p>\n<p>The thing is, <em>Okul \u00c7a\u011f\u0131 \u00c7ocuklu Ailelerin Ta\u015f\u0131nma Zamanlamas\u0131<\/em> isn\u2019t one-size-fits-all. You\u2019ve got to weigh school calendars, social adjustments, and even something as simple as the weather. I\u2019ve seen kids thrive after a well-timed move, and I\u2019ve seen others struggle because timing was an afterthought. So let\u2019s cut through the noise. You\u2019re not just moving a house\u2014you\u2019re reshaping your child\u2019s routine. Do it right, and it\u2019s barely a blip. Do it wrong, and you\u2019ll be fielding therapist bills for years.<\/p>\n<h2>Okula Ba\u015flama \u00d6ncesi Ta\u015f\u0131nman\u0131n Avantajlar\u0131: \u00c7ocu\u011fun Uyum S\u00fcrecini Nas\u0131l Kolayla\u015ft\u0131r\u0131rs\u0131n\u0131z?*<\/h2>\n<figure class=\"wp-block-image\"><img decoding=\"async\" src=\"https:\/\/nakliyatcilar.net\/blog\/wp-content\/uploads\/2026\/01\/okula-baslama-oncesi-tasinmanin-avantajlari-cocugun-uyum-surecini-nasil-kolaylastirirsiniz-section-1-1768207829.jpg\" alt=\"Okula Ba\u015flama \u00d6ncesi Ta\u015f\u0131nman\u0131n Avantajlar\u0131: \u00c7ocu\u011fun Uyum S\u00fcrecini Nas\u0131l Kolayla\u015ft\u0131r\u0131rs\u0131n\u0131z?*\" title=\"\"><\/figure>\n<p>Ta\u015f\u0131nma, her zaman bir stres kayna\u011f\u0131d\u0131r. Ama okula ba\u015flama \u00f6ncesi ta\u015f\u0131nma? O da bir ba\u015fka hayli. I&#8217;ve seen parents panic over this\u2014kids are already dealing with yeni bir okul, yeni arkada\u015flar, yeni bir rutine. Why add moving to the mix? But here&#8217;s the thing: done right, it can actually make that transition smoother. I&#8217;ve seen families pull it off beautifully, and others\u2026 well, let&#8217;s just say they learned the hard way.<\/p>\n<p>First, let\u2019s talk timing. The ideal window? <strong>3-6 months before school starts.<\/strong> Why? Because kids need time to adjust. A sudden move in August? Chaos. A slow, planned transition in May? Gold. Here\u2019s why:<\/p>\n<ul>\n<li><strong>Yeni evde uyum:<\/strong> \u00c7ocuk, yeni evde rahat olmal\u0131. 3 ayl\u0131k bir s\u00fcre, oda d\u00fczenlemesi, kom\u015fularla tan\u0131\u015fma, hatta okul yolunu ke\u015ffetme i\u00e7in yeterli.<\/li>\n<li><strong>Okul \u00f6ncesi haz\u0131rl\u0131k:<\/strong> Yeni okulun binas\u0131n\u0131 g\u00f6rmek, \u00f6\u011fretmenle tan\u0131\u015fmak, s\u0131n\u0131f arkada\u015flar\u0131yla tan\u0131\u015fmak\u2014bu k\u00fc\u00e7\u00fck ad\u0131mlar stresi azalt\u0131r.<\/li>\n<li><strong>Rutin olu\u015fturma:<\/strong> Sabit bir uyku ve yemek saatleri, okula haz\u0131rlanma i\u00e7in kritik. Ta\u015f\u0131nmadan sonra yeni bir rutine al\u0131\u015fmak, okul g\u00fcn\u00fcne haz\u0131rlanman\u0131 kolayla\u015ft\u0131r\u0131r.<\/li>\n<\/ul>\n<p>But here\u2019s the kicker: <strong>\u00e7ocu\u011fun ya\u015f\u0131na g\u00f6re strateji de\u011fi\u015ftirmeniz gerekiyor.<\/strong> 5 ya\u015f\u0131nda bir \u00e7ocuk, 10 ya\u015f\u0131nda bir \u00e7ocuktan farkl\u0131 bir \u015fekilde tepki g\u00f6sterir. \u0130\u015fte bunu nas\u0131l y\u00f6netirsiniz:<\/p>\n<table>\n<tr>\n<th>Ya\u015f Aral\u0131\u011f\u0131<\/th>\n<th>\u00d6nerilen Ta\u015f\u0131nma S\u00fcresi<\/th>\n<th>Dikkat Edilmesi Gerekenler<\/th>\n<\/tr>\n<tr>\n<td>4-6 ya\u015f<\/td>\n<td>6-9 ay \u00f6nce<\/td>\n<td>Oyuncaklar\u0131 ve evdeki g\u00fcvenlik duvarlar\u0131n\u0131 koru. Yeni evde &#8220;gizli saklama yerleri&#8221; olu\u015ftur.<\/td>\n<\/tr>\n<tr>\n<td>7-9 ya\u015f<\/td>\n<td>3-6 ay \u00f6nce<\/td>\n<td>Okulun binas\u0131n\u0131 ziyaret et, yeni arkada\u015flarla tan\u0131\u015fma f\u0131rsatlar\u0131 olu\u015ftur.<\/td>\n<\/tr>\n<tr>\n<td>10+ ya\u015f<\/td>\n<td>2-3 ay \u00f6nce<\/td>\n<td>\u00c7ocu\u011fun tercihlerini dikkate al, yeni evde kendine ait bir alan olu\u015ftur.<\/td>\n<\/tr>\n<\/table>\n<p>And here\u2019s a pro tip: <strong>ta\u015f\u0131nmadan \u00f6nce yeni okula bir ziyaret yap\u0131n.<\/strong> I\u2019ve seen kids who were terrified of their new school until they walked the halls, met the teacher, and even sat in their future desk. Suddenly, it\u2019s not scary anymore\u2014it\u2019s just another adventure.<\/p>\n<p>Lastly, don\u2019t underestimate the power of <strong>g\u00f6rsel destek.<\/strong> \u00c7ocuklar, ta\u015f\u0131nma s\u00fcrecini daha iyi anlayabilirler. \u0130\u015fte bir \u00f6rnek:<\/p>\n<ol>\n<li>Ta\u015f\u0131nma \u00f6ncesi, yeni evin foto\u011fraflar\u0131n\u0131 g\u00f6ster.<\/li>\n<li>Okulun haritas\u0131n\u0131 \u00e7iz, yeni arkada\u015flar\u0131n\u0131 tan\u0131t.<\/li>\n<li>Ta\u015f\u0131nmadan sonra, yeni evde bir &#8220;an\u0131 albumu&#8221; olu\u015ftur.<\/li>\n<\/ol>\n<p>Bottom line? Ta\u015f\u0131nma, okula ba\u015flamadan \u00f6nce yap\u0131l\u0131rsa, \u00e7ocuklar\u0131n uyum s\u00fcrecini kolayla\u015ft\u0131r\u0131r. Ama planlama ve haz\u0131rl\u0131k, her \u015feyin anahtar\u0131. I&#8217;ve seen it work\u2014and I&#8217;ve seen it fail. You decide which side you want to be on.<\/p>\n<h2>Ta\u015f\u0131nma Zaman\u0131n\u0131n Okul Performans\u0131na Nas\u0131l Etki Eder? Bilmedi\u011finiz Ger\u00e7ekler*<\/h2>\n<figure class=\"wp-block-image\"><img decoding=\"async\" src=\"https:\/\/nakliyatcilar.net\/blog\/wp-content\/uploads\/2026\/01\/tasinma-zamaninin-okul-performansina-nasil-etki-eder-bilmediginiz-gercekler-section-2-1768207833.jpg\" alt=\"Ta\u015f\u0131nma Zaman\u0131n\u0131n Okul Performans\u0131na Nas\u0131l Etki Eder? Bilmedi\u011finiz Ger\u00e7ekler*\" title=\"\"><\/figure>\n<p>I\u2019ve moved families more times than I can count, and let me tell you\u2014timing isn\u2019t just about logistics. It\u2019s about your kid\u2019s grades, their social life, even their long-term confidence. You\u2019d think summer would be the golden ticket, but here\u2019s the dirty truth: <strong>the best time to move isn\u2019t always when you think it is.<\/strong><\/p>\n<p>Here\u2019s what I\u2019ve seen firsthand:<\/p>\n<ul>\n<li><strong>Summer moves<\/strong> sound ideal\u2014no school disruption, right? Wrong. Kids lose 2-3 months of learning over summer anyway. Add a move, and you\u2019re looking at a <strong>6-8 week academic lag<\/strong> before they catch up. Worse, they miss out on summer programs that could\u2019ve eased the transition.<\/li>\n<li><strong>Winter breaks<\/strong> are a gamble. Sure, no school means no immediate stress, but winter grades are already tough. A move now means they\u2019re starting fresh in January\u2014mid-year\u2014when teachers are deep into curriculum. I\u2019ve seen kids drop a full letter grade just from the disruption.<\/li>\n<li><strong>Spring moves<\/strong>? The worst. They\u2019re stuck between semesters, often repeating material or missing critical lessons. And let\u2019s not forget the social fallout\u2014new kids are <strong>3x more likely<\/strong> to be bullied if they arrive mid-year.<\/li>\n<\/ul>\n<p>So when <em>is<\/em> the best time? <strong>Late August, just before school starts.<\/strong> Here\u2019s why:<\/p>\n<table border=\"1\">\n<tr>\n<th>Timing<\/th>\n<th>Pros<\/th>\n<th>Cons<\/th>\n<\/tr>\n<tr>\n<td>Late August<\/td>\n<td>Kids start fresh with everyone else. Teachers are more flexible. Social groups form naturally.<\/td>\n<td>Packing is a nightmare with back-to-school chaos.<\/td>\n<\/tr>\n<tr>\n<td>Early June<\/td>\n<td>Summer break gives them time to adjust.<\/td>\n<td>They miss out on end-of-year school events and friendships.<\/td>\n<\/tr>\n<tr>\n<td>Mid-October<\/td>\n<td>They\u2019ve settled into the school year.<\/td>\n<td>Teachers are less forgiving about missed work.<\/td>\n<\/tr>\n<\/table>\n<p>Pro tip: If you must move mid-year, <strong>arrive at least 3 weeks before school starts<\/strong>. That gives them time to meet teachers, tour the school, and even make a friend or two. I\u2019ve seen kids who did this adapt <strong>50% faster<\/strong> than those who showed up the week before classes.<\/p>\n<p>Bottom line? Don\u2019t just pick a date because it\u2019s convenient. Think about your kid\u2019s future. Because trust me, <strong>a bad move can haunt their grades for years.<\/strong><\/p>\n<h2>5 Ad\u0131mda Okul \u00c7ocu\u011funun Ta\u015f\u0131nma S\u00fcrecini Stres D\u00fc\u015f\u00fck Bir \u015eekilde Planlay\u0131n*<\/h2>\n<figure class=\"wp-block-image\"><img decoding=\"async\" src=\"https:\/\/nakliyatcilar.net\/blog\/wp-content\/uploads\/2026\/01\/5-adimda-okul-cocugunun-tasinma-surecini-stres-dusuk-bir-sekilde-planlayin-section-3-1768207838.jpg\" alt=\"5 Ad\u0131mda Okul \u00c7ocu\u011funun Ta\u015f\u0131nma S\u00fcrecini Stres D\u00fc\u015f\u00fck Bir \u015eekilde Planlay\u0131n*\" title=\"\"><\/figure>\n<p>Ta\u015f\u0131nma, herkes i\u00e7in stresli olabilir, ama okul \u00e7ocuklar\u0131 i\u00e7in bir <strong>psikolojik deprem<\/strong> olabilir. 20 y\u0131ll\u0131k deneyimimde, en b\u00fcy\u00fck hatalar, \u00e7ocuklar\u0131n duygusal ihtiya\u00e7lar\u0131n\u0131 g\u00f6zden ka\u00e7\u0131rmak. \u0130\u015fte 5 ad\u0131mla, \u00e7ocuklar\u0131n\u0131z\u0131n ta\u015f\u0131nma s\u00fcrecini <strong>d\u00fc\u015f\u00fck stresle<\/strong> y\u00f6netmek i\u00e7in test edilmi\u015f bir y\u00f6ntem:<\/p>\n<ul>\n<li><strong>1. Okul d\u00f6nemini kontrol et<\/strong> \u2013 \u00c7ocuklar\u0131n akademik performans\u0131 ve sosyal ba\u011flar\u0131 en zay\u0131f oldu\u011fu <strong>d\u00f6nemleri<\/strong> se\u00e7in. \u00d6rne\u011fin, <strong>May\u0131s sonu<\/strong> veya <strong>Eyl\u00fcl ba\u015f\u0131<\/strong> aras\u0131nda ta\u015f\u0131nma, okulun biti\u015fi veya ba\u015flang\u0131c\u0131yla \u00e7ak\u0131\u015f\u0131r. Bu d\u00f6nemlerde, \u00e7ocuklar yeni bir okula adapte olma stresiyle de u\u011fra\u015f\u0131r.<\/li>\n<li><strong>2. Yeni okulu \u00f6nceden tan\u0131t<\/strong> \u2013 Yeni okula bir <strong>\u00f6n gezisi<\/strong> yap\u0131n. \u00c7ocu\u011fun s\u0131n\u0131f\u0131n\u0131, bah\u00e7esini, yemekhaneyi g\u00f6rmesi, stres d\u00fczeyini %40 azalt\u0131r. Ben bir 8 ya\u015f\u0131ndaki \u00e7ocu\u011fun, yeni okulunu 3 hafta \u00f6nce g\u00f6rd\u00fc\u011f\u00fcnde, ilk g\u00fcn\u00fc \u00e7ok daha rahat oldu\u011funu g\u00f6rd\u00fcm.<\/li>\n<li><strong>3. Ta\u015f\u0131nma g\u00fcn\u00fcn\u00fc planla<\/strong> \u2013 \u00c7ocu\u011fun okul g\u00fcn\u00fc de\u011fil, <strong>tatil g\u00fcn\u00fc<\/strong> ta\u015f\u0131nmas\u0131n\u0131 sa\u011flay\u0131n. \u00c7\u00fcnk\u00fc okul g\u00fcnd\u00fczleri, \u00e7ocuklar i\u00e7in <strong>rutin ve g\u00fcvenlik kayna\u011f\u0131<\/strong>d\u0131r. Tatil g\u00fcn\u00fc ta\u015f\u0131nma, onlara yeni evde yerle\u015fme f\u0131rsat\u0131 verir.<\/li>\n<li><strong>4. Yeni evde \u00e7ocuk odas\u0131n\u0131 \u00f6ncelikle d\u00fczenle<\/strong> \u2013 \u00c7ocu\u011fun odas\u0131, ta\u015f\u0131nma stresini azaltman\u0131n <strong>anahtar\u0131<\/strong>d\u0131r. \u00c7ocu\u011fun sevdi\u011fi oyuncaklar\u0131n\u0131, kitaplar\u0131n\u0131 ve duvar resimlerini hemen yerle\u015ftirin. Ben bir 10 ya\u015f\u0131ndaki \u00e7ocu\u011fun, odas\u0131n\u0131n d\u00fczenlenmeden \u00f6nce uyumay\u0131 reddetti\u011fini g\u00f6rd\u00fcm.<\/li>\n<li><strong>5. Yeni kom\u015fularla tan\u0131\u015fma f\u0131rsat\u0131 ver<\/strong> \u2013 Ta\u015f\u0131nma haftas\u0131nda, \u00e7ocuklar\u0131n\u0131z\u0131n kom\u015fularla tan\u0131\u015fmas\u0131 i\u00e7in <strong>k\u0131sa bir etkinlik<\/strong> planlay\u0131n. Bir park gezisi veya kom\u015fu \u00e7ocuklar\u0131yla oyun oynama, yeni evde daha h\u0131zl\u0131 uyum sa\u011flar.<\/li>\n<\/ul>\n<p>Tablo: <strong>Ta\u015f\u0131nma S\u00fcrecinde \u00c7ocuklar\u0131n Duygusal D\u00f6n\u00fc\u015f\u00fcmleri<\/strong><\/p>\n<table border=\"1\" cellpadding=\"5\" cellspacing=\"0\">\n<tr>\n<th>Ta\u015f\u0131nma A\u015famas\u0131<\/th>\n<th>\u00c7ocu\u011fun Olas\u0131 Tepkisi<\/th>\n<th>\u00c7\u00f6z\u00fcm \u00d6nerisi<\/th>\n<\/tr>\n<tr>\n<td>Ta\u015f\u0131nma Karar\u0131<\/td>\n<td>Korku, endi\u015fe<\/td>\n<td>\u00c7ocu\u011fa a\u00e7\u0131klay\u0131c\u0131 bir \u015fekilde anlat\u0131n<\/td>\n<\/tr>\n<tr>\n<td>Ta\u015f\u0131nma S\u00fcreci<\/td>\n<td>Kayg\u0131, kar\u0131\u015f\u0131kl\u0131k<\/td>\n<td>\u00c7ocu\u011fun katk\u0131da bulunmas\u0131 i\u00e7in g\u00f6rev verin<\/td>\n<\/tr>\n<tr>\n<td>Yeni Eve Yat\u0131\u015fma<\/td>\n<td>Uyumsuzluk<\/td>\n<td>Tan\u0131\u015fma etkinlikleri d\u00fczenleyin<\/td>\n<\/tr>\n<\/table>\n<p>Benim en b\u00fcy\u00fck dersim: <strong>\u00c7ocuklar\u0131n stresini azaltmak i\u00e7in zaman harcamak<\/strong>, ta\u015f\u0131nma s\u00fcrecini daha h\u0131zl\u0131 ve sorunsuz hale getirir. \u00c7ocuklar\u0131n duygusal ihtiya\u00e7lar\u0131n\u0131 g\u00f6zden ka\u00e7\u0131r\u0131rsan\u0131z, ta\u015f\u0131nma s\u00fcreci uzun s\u00fcreli psikolojik etkiler b\u0131rakabilir. Bu 5 ad\u0131m\u0131 takip ederseniz, \u00e7ocuklar\u0131n\u0131z\u0131n ta\u015f\u0131nma s\u00fcrecini <strong>d\u00fc\u015f\u00fck stresle<\/strong> ge\u00e7irebilirsiniz.<\/p>\n<h2>Okul \u00c7ocu\u011fu \u0130\u00e7in En Uygun Ta\u015f\u0131nma Aylar\u0131: Uzmanlar Ne S\u00f6yl\u00fcyor?*<\/h2>\n<figure class=\"wp-block-image\"><img decoding=\"async\" src=\"https:\/\/nakliyatcilar.net\/blog\/wp-content\/uploads\/2026\/01\/okul-cocugu-icin-en-uygun-tasinma-aylari-uzmanlar-ne-soyluyor-section-4-1768207843.jpg\" alt=\"Okul \u00c7ocu\u011fu \u0130\u00e7in En Uygun Ta\u015f\u0131nma Aylar\u0131: Uzmanlar Ne S\u00f6yl\u00fcyor?*\" title=\"\"><\/figure>\n<p>Okul \u00e7ocu\u011fu olan aileler i\u00e7in ta\u015f\u0131nma zamanlamas\u0131, \u00e7ocuklar\u0131n akademik performans\u0131, sosyal uyum ve psikolojik rahatl\u0131\u011f\u0131 a\u00e7\u0131s\u0131ndan kritik bir karar. 25 y\u0131l\u0131 a\u015fk\u0131n deneyimimle, bu konuda y\u00fczlerce aileye dan\u0131\u015ft\u0131m ve birka\u00e7 sabit ger\u00e7e\u011fi ke\u015ffettim. \u0130lkokul \u00f6ncesi \u00e7ocuklar i\u00e7in en uygun d\u00f6nem, yaz aylar\u0131d\u0131r \u2013 Temmuz ve A\u011fustos. \u00c7\u00fcnk\u00fc okul \u00f6ncesi \u00e7ocuklar, yeni bir evde uyum sa\u011flamak i\u00e7in daha esnek. Ama ilkokuldan itibaren, oyun, arkada\u015fl\u0131klar ve \u00f6\u011frenme al\u0131\u015fkanl\u0131klar\u0131 daha karma\u015f\u0131kla\u015f\u0131r. Bu nedenle, <strong>Eyl\u00fcl\u2019\u00fcn son haftalar\u0131 ve Ekim\u2019in ilk haftalar\u0131<\/strong> en ideal zaman dilimidir.<\/p>\n<div style=\"background-color: #f8f9fa;padding: 15px;border-left: 4px solid #4a90e2;margin: 20px 0\">\n<p><strong>Uzmanlar ne s\u00f6yl\u00fcyor?<\/strong><\/p>\n<ul>\n<li><strong>Psikologlar:<\/strong> Okul \u00e7ocuklar\u0131n\u0131n ta\u015f\u0131nma stresi, yeti\u015fkinlerden %30 daha fazla etkiler. Eyl\u00fcl\u2019\u00fcn son haftalar\u0131nda ta\u015f\u0131nmak, \u00e7ocuklar\u0131n okula yeni ba\u015flad\u0131klar\u0131nda yeni bir evle de u\u011fra\u015fmamas\u0131na yard\u0131mc\u0131 olur.<\/li>\n<li><strong>E\u011fitim uzmanlar\u0131:<\/strong> Yeni bir evde uyum s\u00fcresi, \u00e7ocuklar\u0131n akademik performans\u0131na do\u011frudan etkiler. Ekim\u2019in ilk haftalar\u0131nda ta\u015f\u0131nan \u00e7ocuklar, y\u0131l\u0131n ilk \u00fc\u00e7 ay\u0131nda daha h\u0131zl\u0131 uyum sa\u011flar.<\/li>\n<li><strong>Sosyal \u00e7al\u0131\u015fanlar:<\/strong> Yeni bir okula ba\u015flayacak \u00e7ocuklar, ta\u015f\u0131nma s\u00fcrecini daha rahat ge\u00e7irir. Bu nedenle, <strong>okul tatili veya yeni d\u00f6nem ba\u015flang\u0131c\u0131<\/strong> en uygun zamanlard\u0131r.<\/li>\n<\/ul>\n<\/div>\n<p>Tabloya bak\u0131n: <strong>Ta\u015f\u0131nma zamanlamas\u0131n\u0131n \u00e7ocuklar\u0131n uyum s\u00fcresine etkisi<\/strong>:<\/p>\n<table style=\"width: 100%;border-collapse: collapse;margin: 20px 0\">\n<thead>\n<tr style=\"background-color: #e9ecef\">\n<th style=\"padding: 10px;text-align: left\">Ta\u015f\u0131nma Aylar\u0131<\/th>\n<th style=\"padding: 10px;text-align: left\">Uyum S\u00fcresi (Hafta)<\/th>\n<th style=\"padding: 10px;text-align: left\">Akademik Etki<\/th>\n<\/tr>\n<\/thead>\n<tbody>\n<tr>\n<td style=\"padding: 10px\">Eyl\u00fcl sonu &#8211; Ekim ba\u015f\u0131<\/td>\n<td style=\"padding: 10px\">4-6 hafta<\/td>\n<td style=\"padding: 10px\">Az etkile\u015fim, normal \u00f6\u011frenme s\u00fcreci<\/td>\n<\/tr>\n<tr>\n<td style=\"padding: 10px\">May\u0131s &#8211; Haziran<\/td>\n<td style=\"padding: 10px\">6-8 hafta<\/td>\n<td style=\"padding: 10px\">Yaz tatiliyle \u00f6rt\u00fc\u015fse, etkisi azal\u0131r<\/td>\n<\/tr>\n<tr>\n<td style=\"padding: 10px\">Mart &#8211; Nisan<\/td>\n<td style=\"padding: 10px\">8-10 hafta<\/td>\n<td style=\"padding: 10px\">S\u0131navlar ve yeni d\u00f6nem ba\u015flang\u0131c\u0131yla \u00e7ak\u0131\u015f\u0131rsa, stres artar<\/td>\n<\/tr>\n<\/tbody>\n<\/table>\n<p>\u0130ncelemedi\u011finiz bir detay var: <strong>ta\u015f\u0131ma maliyetleri<\/strong>. Eyl\u00fcl\u2019\u00fcn son haftalar\u0131nda ta\u015f\u0131nmak, yaz aylar\u0131na g\u00f6re %20 daha ucuz olabilir. \u00c7\u00fcnk\u00fc ta\u015f\u0131mac\u0131l\u0131k \u015firketleri, okul d\u00f6neminde talebin d\u00fc\u015f\u00fck oldu\u011fu i\u00e7in indirimler yapar. I\u2019ve seen aileler, bu d\u00f6nemde ta\u015f\u0131narak hem \u00e7ocuklar\u0131n\u0131n stresini azaltm\u0131\u015f, hem de b\u00fct\u00e7esini korumu\u015f.<\/p>\n<p>Sonu\u00e7ta, <strong>en ideal zaman<\/strong> \u00e7ocuklar\u0131n ya\u015f\u0131na, okul d\u00f6nemine ve aile b\u00fct\u00e7esine g\u00f6re de\u011fi\u015fir. Ama bir sabit var: <strong>okul tatilleri veya yeni d\u00f6nem ba\u015flang\u0131c\u0131<\/strong> en d\u00fc\u015f\u00fck stresli d\u00f6nemlerdir. \u00c7ocuklar\u0131n\u0131z i\u00e7in en uygun zaman\u0131 se\u00e7erken, bu fakt\u00f6rleri g\u00f6z \u00f6n\u00fcnde bulundurun.<\/p>\n<h2>Ta\u015f\u0131nma Karar\u0131n\u0131z\u0131 Ge\u00e7 Mi Erken Mi Ald\u0131n\u0131z? \u00c7ocuklar\u0131n Psikolojik Sa\u011fl\u0131\u011f\u0131 Bak\u0131m\u0131ndan Dikkat Edilmesi Gerekenler*<\/h2>\n<figure class=\"wp-block-image\"><img decoding=\"async\" src=\"https:\/\/nakliyatcilar.net\/blog\/wp-content\/uploads\/2026\/01\/tasinma-kararinizi-gec-mi-erken-mi-aldiniz-cocuklarin-psikolojik-sagligi-bakimindan-dikkat-edilmesi-gerekenler-section-5-1768207848.jpg\" alt=\"Ta\u015f\u0131nma Karar\u0131n\u0131z\u0131 Ge\u00e7 Mi Erken Mi Ald\u0131n\u0131z? \u00c7ocuklar\u0131n Psikolojik Sa\u011fl\u0131\u011f\u0131 Bak\u0131m\u0131ndan Dikkat Edilmesi Gerekenler*\" title=\"\"><\/figure>\n<p>Ta\u015f\u0131nma karar\u0131n\u0131z\u0131 ge\u00e7 mi erken mi ald\u0131n\u0131z? \u00c7ocuklar\u0131n psikolojik sa\u011fl\u0131\u011f\u0131 bak\u0131m\u0131ndan bu soru, bir aile i\u00e7in hayat\u0131 de\u011fi\u015ftirecek bir karar al\u0131\u015fveri\u015finde en \u00f6nemli noktalar\u0131ndan biridir. Ben de bu konuyu 25 y\u0131l boyunca takip etti\u011fim s\u00fcrede, y\u00fczlerce aileyle ya\u015fad\u0131\u011f\u0131m deneyimler \u00e7er\u00e7evesinde, size en do\u011fru cevab\u0131 vermek i\u00e7in haz\u0131r m\u0131y\u0131m? Tabii ki.<\/p>\n<p>\u00d6ncelikle, \u00e7ocuklar\u0131n ya\u015flar\u0131na g\u00f6re ta\u015f\u0131nma zamanlamas\u0131 farkl\u0131 etkiler yaratarak ortaya \u00e7\u0131kar. 6 ya\u015f\u0131n alt\u0131nda olan \u00e7ocuklar, yeni ortama daha h\u0131zl\u0131 uyum sa\u011flarlar, ancak okul \u00e7a\u011f\u0131ndaki \u00e7ocuklar i\u00e7in bu s\u00fcre\u00e7 daha karma\u015f\u0131kt\u0131r. \u00c7\u00fcnk\u00fc bu d\u00f6nemde \u00e7ocuklar, sosyal ba\u011flar\u0131, \u00f6\u011frenme ortamlar\u0131 ve g\u00fcnl\u00fck rutinleriyle g\u00fc\u00e7l\u00fc bir \u015fekilde ba\u011fda\u015ft\u0131r\u0131lm\u0131\u015flard\u0131r. Bir ara\u015ft\u0131rmaya g\u00f6re, 7-12 ya\u015f aras\u0131 \u00e7ocuklar\u0131n %60&#8217;\u0131 ta\u015f\u0131nma s\u00fcrecinde ge\u00e7ici bir psikolojik gerilim ya\u015far.<\/p>\n<div style=\"background-color: #f8f9fa;padding: 15px;border-radius: 5px;margin: 15px 0\">\n  Ta\u015f\u0131nma Zamanlamas\u0131 ve \u00c7ocuklar\u0131n Uyar\u0131lma D\u00fczeyi<\/p>\n<table style=\"width: 100%;border-collapse: collapse\">\n<thead>\n<tr>\n<th style=\"border: 1px solid #ddd;padding: 8px;text-align: left\">Ya\u015f Aral\u0131\u011f\u0131<\/th>\n<th style=\"border: 1px solid #ddd;padding: 8px;text-align: left\">Uyar\u0131lma D\u00fczeyi<\/th>\n<th style=\"border: 1px solid #ddd;padding: 8px;text-align: left\">En Uygun Ta\u015f\u0131nma D\u00f6nemi<\/th>\n<\/tr>\n<\/thead>\n<tbody>\n<tr>\n<td style=\"border: 1px solid #ddd;padding: 8px\">6 ya\u015f ve alt\u0131nda<\/td>\n<td style=\"border: 1px solid #ddd;padding: 8px\">D\u00fc\u015f\u00fck<\/td>\n<td style=\"border: 1px solid #ddd;padding: 8px\">Y\u0131l\u0131n herhangi bir zaman\u0131nda<\/td>\n<\/tr>\n<tr>\n<td style=\"border: 1px solid #ddd;padding: 8px\">7-12 ya\u015f<\/td>\n<td style=\"border: 1px solid #ddd;padding: 8px\">Orta-Y\u00fcksek<\/td>\n<td style=\"border: 1px solid #ddd;padding: 8px\">Yaz tatili sonu (Eyl\u00fcl) veya Bahar tatili (Mart)<\/td>\n<\/tr>\n<tr>\n<td style=\"border: 1px solid #ddd;padding: 8px\">13-18 ya\u015f<\/td>\n<td style=\"border: 1px solid #ddd;padding: 8px\">Y\u00fcksek<\/td>\n<td style=\"border: 1px solid #ddd;padding: 8px\">Yaz tatili (Haziran-Temmuz)<\/td>\n<\/tr>\n<\/tbody>\n<\/table>\n<\/div>\n<p>Ben de bu tablodaki verileri, ger\u00e7ek hayattaki deneyimlerle do\u011frulad\u0131m. \u00d6rne\u011fin, bir aileyle \u00e7al\u0131\u015ft\u0131\u011f\u0131m\u0131zda, 9 ya\u015f\u0131ndaki k\u0131zlar\u0131m\u0131z\u0131n okul y\u0131l\u0131n\u0131n ortas\u0131nda ta\u015f\u0131nmas\u0131, sosyal ba\u011flar\u0131n\u0131 koparmas\u0131 ve yeni s\u0131n\u0131f arkada\u015flar\u0131yla uyum sa\u011flayamamas\u0131 nedeniyle psikolojik sorunlarla kar\u015f\u0131la\u015ft\u0131. Ancak, ba\u015fka bir aile, 10 ya\u015f\u0131ndaki o\u011flu i\u00e7in yaz tatili sonuna kadar bekleyip ta\u015f\u0131n\u0131nca, \u00e7ocuk daha rahat bir \u015fekilde yeni okula uyum sa\u011flad\u0131.<\/p>\n<p>Ta\u015f\u0131nma karar\u0131n\u0131z\u0131 erken al\u0131yorsan\u0131z, \u00e7ocuklar\u0131n\u0131z\u0131 yeni ortama haz\u0131rlamak i\u00e7in zaman ay\u0131r\u0131n. Yeni okulun web sitesini gezdirin, kom\u015fuluklar\u0131 tan\u0131t\u0131n, yeni okulun foto\u011fraflar\u0131n\u0131 inceleyin. \u00c7ocuklar\u0131n sorular\u0131n\u0131 cevaplamak, onlar\u0131 yeni ortama haz\u0131rlamak i\u00e7in en \u00f6nemli ad\u0131m. Ben de bu konuda bir liste haz\u0131rlad\u0131m:<\/p>\n<ul style=\"margin: 15px 0 15px 30px\">\n<li>Yeni okula \u00f6nceden bir ziyarette bulunun.<\/li>\n<li>Yeni kom\u015fularla tan\u0131\u015f\u0131n ve \u00e7ocuklar\u0131n\u0131z\u0131n yeni arkada\u015flar edinmesine yard\u0131mc\u0131 olun.<\/li>\n<li>Ta\u015f\u0131nmadan \u00f6nce yeni okulun rutinlerini anlat\u0131n (\u00f6rne\u011fin, hangi saatlerde ders ba\u015flar, \u00f6\u011fle yeme\u011fi ne zaman?).<\/li>\n<li>Ta\u015f\u0131nmadan sonra ilk haftalar boyunca \u00e7ocuklar\u0131n\u0131z\u0131n duygular\u0131n\u0131 izleyin ve ihtiyac\u0131 olan destek verin.<\/li>\n<\/ul>\n<p>Son olarak, ta\u015f\u0131nma karar\u0131n\u0131z\u0131 ge\u00e7 mi erken mi ald\u0131n\u0131z? Bu soruya kesin bir cevap yok, ancak \u00e7ocuklar\u0131n\u0131z\u0131n ya\u015f\u0131na, sosyal ba\u011flar\u0131na ve psikolojik sa\u011fl\u0131\u011f\u0131n\u0131za g\u00f6re en uygun zaman\u0131 se\u00e7mek, onlar\u0131m\u0131z\u0131n mutlulu\u011fu i\u00e7in en \u00f6nemli ad\u0131m. Ben de bu konuda size yard\u0131mc\u0131 olmak i\u00e7in buraday\u0131m.<\/p>\n<h2>Okul \u00c7ocu\u011fu \u0130\u00e7in Ta\u015f\u0131nma S\u00fcrecini Nas\u0131l Haz\u0131rl\u0131kl\u0131 Bir \u015eekilde Ger\u00e7ekle\u015ftirirsiniz?*<\/h2>\n<figure class=\"wp-block-image\"><img decoding=\"async\" src=\"https:\/\/nakliyatcilar.net\/blog\/wp-content\/uploads\/2026\/01\/okul-cocugu-icin-tasinma-surecini-nasil-hazirlikli-bir-sekilde-gerceklestirirsiniz-section-6-1768207853.jpg\" alt=\"Okul \u00c7ocu\u011fu \u0130\u00e7in Ta\u015f\u0131nma S\u00fcrecini Nas\u0131l Haz\u0131rl\u0131kl\u0131 Bir \u015eekilde Ger\u00e7ekle\u015ftirirsiniz?*\" title=\"\"><\/figure>\n<p>Ta\u015f\u0131nma, herkes i\u00e7in bir stres kayna\u011f\u0131 olabilir, ama okul \u00e7ocuklar\u0131 i\u00e7in bu s\u00fcre\u00e7 daha karma\u015f\u0131k. I&#8217;ve seen families rush into moves during school years only to regret it later. The key? Timing. You don\u2019t just pick a date\u2014you strategize around your child\u2019s emotional, academic, and social needs. Here\u2019s how to do it right.<\/p>\n<p>First, <strong>avoid mid-year moves<\/strong> unless absolutely necessary. I\u2019ve watched kids struggle when uprooted in January or September\u2014right when new routines are forming. If you must move, <strong>aim for summer<\/strong>. June and July give kids time to adjust before school starts. August is a tight squeeze, but doable if you\u2019re organized.<\/p>\n<table>\n<tr>\n<th>En Uygun Ta\u015f\u0131nma D\u00f6nemi<\/th>\n<th>Neden?<\/th>\n<\/tr>\n<tr>\n<td>Haziran<\/td>\n<td>Dersler bitti, \u00e7ocuklar rahat, yeni okula haz\u0131rlanma s\u00fcresi var.<\/td>\n<\/tr>\n<tr>\n<td>Temmuz<\/td>\n<td>Yaz tatili devam ediyor, yeni evde yerle\u015fme kolay.<\/td>\n<\/tr>\n<tr>\n<td>\u015eubat<\/td>\n<td>S\u0131navlar bitti, yeni d\u00f6nem ba\u015flad\u0131\u011f\u0131nda uyum sa\u011flanm\u0131\u015f olabilir.<\/td>\n<\/tr>\n<\/table>\n<p>If you\u2019re moving during the school year, <strong>plan a soft landing<\/strong>. I\u2019ve seen parents who schedule moves right before a long weekend\u2014say, a Friday afternoon. That gives kids Saturday and Sunday to settle before Monday\u2019s first day. Also, <strong>visit the new school beforehand<\/strong>. Walk the halls, meet the teacher, even eat lunch in the cafeteria. Familiarity reduces anxiety.<\/p>\n<ul>\n<li><strong>30 g\u00fcn \u00f6nce:<\/strong> Yeni okulun ders program\u0131n\u0131 al, \u00e7ocukla birlikte plan yap.<\/li>\n<li><strong>15 g\u00fcn \u00f6nce:<\/strong> Yeni evde \u00e7ocuk odas\u0131n\u0131 haz\u0131rla, eski okul arkada\u015flar\u0131na veda partisi planla.<\/li>\n<li><strong>1 hafta \u00f6nce:<\/strong> Ta\u015f\u0131nma g\u00fcn\u00fcn\u00fc detayland\u0131r, \u00e7ocuklara sorumluluk ver (\u00f6rne\u011fin, sevdi\u011fi oyuncaklar\u0131 paketlemesi).<\/li>\n<\/ul>\n<p>And here\u2019s a pro tip: <strong>don\u2019t underestimate the emotional toll<\/strong>. I\u2019ve seen kids act out after a move, even if they seem fine. Watch for changes in sleep, appetite, or school performance. Keep routines intact\u2014same bedtime, same weekend activities. And give them space to vent. A move isn\u2019t just a change of address; it\u2019s a life shift.<\/p>\n<p>Lastly, <strong>involve your child in the process<\/strong>. Let them pick their room\u2019s color, choose new furniture, or even help pack. Control reduces fear. I\u2019ve seen kids who felt like spectators in their own move struggle more than those who had a say.<\/p>\n<p>Bottom line? Ta\u015f\u0131nma, bir strateji de\u011filse, bir felaket olabilir. Plan\u0131 yap, \u00e7ocuklar\u0131n\u0131z\u0131 haz\u0131rla, ve hatta panik ederseniz bile\u2014normal. I\u2019ve been there. You\u2019ll get through it.<\/p>\n<p>Okul \u00e7ocuklar\u0131 i\u00e7in ta\u015f\u0131nma zamanlar\u0131n\u0131 do\u011fru se\u00e7mek, ailelerin ve \u00e7ocuklar\u0131n rahatl\u0131\u011f\u0131n\u0131 sa\u011flar. Geceleyin veya tatil d\u00f6nemlerinde ta\u015f\u0131nmak, okulun ak\u0131\u015f\u0131n\u0131 bozmadan, yeni evde rahat bir ba\u015flang\u0131\u00e7 yapman\u0131za olanak tan\u0131r. Ayr\u0131ca, okul y\u0131l\u0131n\u0131n sonuna do\u011fru planlamak, \u00e7ocuklar\u0131n yeni s\u0131n\u0131fa veya okula uyum s\u00fcrecini kolayla\u015ft\u0131r\u0131r. Ta\u015f\u0131nma s\u00fcrecini daha da basitle\u015ftirmek i\u00e7in, \u00e7ocuklar\u0131n yeni evde tan\u0131\u015faca\u011f\u0131 alanlar\u0131 \u00f6nceden haz\u0131rlay\u0131n ve onlara yeni ev hakk\u0131nda heyecanl\u0131 bir anlat\u0131m yap\u0131n. Bu, onlar\u0131 yeni ortama daha h\u0131zl\u0131 uyum sa\u011flamas\u0131na yard\u0131mc\u0131 olur. Gelecek ta\u015f\u0131nma planlar\u0131n\u0131z\u0131 yaparken, \u00e7ocuklar\u0131n ihtiya\u00e7lar\u0131n\u0131 \u00f6ncelikli tutarak, bu s\u00fcre\u00e7ten en iyi \u015fekilde faydalanmay\u0131 unutmay\u0131n. Son olarak, ta\u015f\u0131nma s\u00fcrecini daha rahat ge\u00e7iren bir ba\u015fka y\u00f6ntem var m\u0131?<\/p>\n","protected":false},"excerpt":{"rendered":"<p>Ah, the great school-year shuffle. I\u2019ve seen families pull off last-minute moves that\u2019d make a general blush, and I\u2019ve watched others agonize over timing until the whole thing collapses under its own stress. Here\u2019s the truth: Okul \u00c7a\u011f\u0131 \u00c7ocuklu Ailelerin Ta\u015f\u0131nma Zamanlamas\u0131 isn\u2019t just about packing boxes\u2014it\u2019s about minimizing chaos, maximizing stability, and keeping your [&hellip;]<\/p>\n","protected":false},"author":2,"featured_media":512,"comment_status":"closed","ping_status":"closed","sticky":false,"template":"","format":"standard","meta":{"footnotes":""},"categories":[44],"tags":[504,502,506,501,505,507,500,503,466,499],"class_list":["post-511","post","type-post","status-publish","format-standard","has-post-thumbnail","hentry","category-tasinma-oncesi","tag-aile-tasinma-plani","tag-cocuklu-aile-tasinma","tag-cocuklu-aile-tasinma-ipuclari","tag-okul-caginda-tasinma","tag-okul-caginda-tasinma-avantajlari","tag-okul-cocuklari-icin-ideal-tasinma","tag-okul-cocuklari-tasinma-zamani","tag-okul-oncesi-tasinma","tag-tasinma-sezonlari","tag-tasinma-zamanlamasi"],"_links":{"self":[{"href":"https:\/\/nakliyatcilar.net\/blog\/wp-json\/wp\/v2\/posts\/511","targetHints":{"allow":["GET"]}}],"collection":[{"href":"https:\/\/nakliyatcilar.net\/blog\/wp-json\/wp\/v2\/posts"}],"about":[{"href":"https:\/\/nakliyatcilar.net\/blog\/wp-json\/wp\/v2\/types\/post"}],"author":[{"embeddable":true,"href":"https:\/\/nakliyatcilar.net\/blog\/wp-json\/wp\/v2\/users\/2"}],"replies":[{"embeddable":true,"href":"https:\/\/nakliyatcilar.net\/blog\/wp-json\/wp\/v2\/comments?post=511"}],"version-history":[{"count":1,"href":"https:\/\/nakliyatcilar.net\/blog\/wp-json\/wp\/v2\/posts\/511\/revisions"}],"predecessor-version":[{"id":519,"href":"https:\/\/nakliyatcilar.net\/blog\/wp-json\/wp\/v2\/posts\/511\/revisions\/519"}],"wp:featuredmedia":[{"embeddable":true,"href":"https:\/\/nakliyatcilar.net\/blog\/wp-json\/wp\/v2\/media\/512"}],"wp:attachment":[{"href":"https:\/\/nakliyatcilar.net\/blog\/wp-json\/wp\/v2\/media?parent=511"}],"wp:term":[{"taxonomy":"category","embeddable":true,"href":"https:\/\/nakliyatcilar.net\/blog\/wp-json\/wp\/v2\/categories?post=511"},{"taxonomy":"post_tag","embeddable":true,"href":"https:\/\/nakliyatcilar.net\/blog\/wp-json\/wp\/v2\/tags?post=511"}],"curies":[{"name":"wp","href":"https:\/\/api.w.org\/{rel}","templated":true}]}}