{"id":422,"count":1,"description":"","link":"https:\/\/nakliyatcilar.net\/blog\/tag\/kolay-ulasim-esyalari\/","name":"kolay ula\u015f\u0131m e\u015fyalar\u0131","slug":"kolay-ulasim-esyalari","taxonomy":"post_tag","meta":[],"_links":{"self":[{"href":"https:\/\/nakliyatcilar.net\/blog\/wp-json\/wp\/v2\/tags\/422","targetHints":{"allow":["GET"]}}],"collection":[{"href":"https:\/\/nakliyatcilar.net\/blog\/wp-json\/wp\/v2\/tags"}],"about":[{"href":"https:\/\/nakliyatcilar.net\/blog\/wp-json\/wp\/v2\/taxonomies\/post_tag"}],"wp:post_type":[{"href":"https:\/\/nakliyatcilar.net\/blog\/wp-json\/wp\/v2\/posts?tags=422"}],"curies":[{"name":"wp","href":"https:\/\/api.w.org\/{rel}","templated":true}]}}