{"id":522,"count":1,"description":"","link":"https:\/\/nakliyatcilar.net\/blog\/tag\/iki-ev-arasi-gecis-suresini-hizla-azaltma\/","name":"iki ev aras\u0131 ge\u00e7i\u015f s\u00fcresini h\u0131zla azaltma","slug":"iki-ev-arasi-gecis-suresini-hizla-azaltma","taxonomy":"post_tag","meta":[],"_links":{"self":[{"href":"https:\/\/nakliyatcilar.net\/blog\/wp-json\/wp\/v2\/tags\/522","targetHints":{"allow":["GET"]}}],"collection":[{"href":"https:\/\/nakliyatcilar.net\/blog\/wp-json\/wp\/v2\/tags"}],"about":[{"href":"https:\/\/nakliyatcilar.net\/blog\/wp-json\/wp\/v2\/taxonomies\/post_tag"}],"wp:post_type":[{"href":"https:\/\/nakliyatcilar.net\/blog\/wp-json\/wp\/v2\/posts?tags=522"}],"curies":[{"name":"wp","href":"https:\/\/api.w.org\/{rel}","templated":true}]}}